[{"@context":"https:\/\/schema.org\/","@type":"Article","@id":"https:\/\/www.protonix.sk\/vyssie-priplatky-za-pracu-v-noci-vo-sviatok-a-cez-vikend\/#Article","mainEntityOfPage":"https:\/\/www.protonix.sk\/vyssie-priplatky-za-pracu-v-noci-vo-sviatok-a-cez-vikend\/","headline":"Vy\u0161\u0161ie pr\u00edplatky za pr\u00e1cu v noci, vo sviatok a cez v\u00edkend","name":"Vy\u0161\u0161ie pr\u00edplatky za pr\u00e1cu v noci, vo sviatok a cez v\u00edkend","description":"Ve\u013emi aktu\u00e1lna a\u00a0popul\u00e1rna je t\u00e1to t\u00e9ma medzi Slov\u00e1kmi. Hlasuje sa o\u00a0nej v\u00a0parlamente a\u00a0v\u00a0r\u00e1di\u00e1ch \u010dasto po\u010du\u0165 diskusie na t\u00fato t\u00e9mu. Slov\u00e1ci ju nevedia ovplyvni\u0165, m\u00f4\u017eu len d\u00fafa\u0165, \u017ee to bude tak ako by si \u017eelali oni. Preto\u017ee referendum sa kona\u0165 na t\u00fato t\u00e9mu pravdepodobne nebude. \u0160t\u00e1tny rozpo\u010det Slovensk\u00e1 republika chce do roku 2020 vyrovna\u0165 svoje v\u00fddavky","datePublished":"2025-02-28","dateModified":"2023-04-25","author":{"@type":"Person","@id":"https:\/\/www.protonix.sk\/author\/#Person","name":"protonix.sk\n","url":"https:\/\/www.protonix.sk\/author\/","identifier":1,"image":{"@type":"ImageObject","@id":"https:\/\/secure.gravatar.com\/avatar\/93869824c8aa580f0d16049ad31e69846ffc925e0cbb2826cc9554f53943da69?s=96&d=mm&r=g","url":"https:\/\/secure.gravatar.com\/avatar\/93869824c8aa580f0d16049ad31e69846ffc925e0cbb2826cc9554f53943da69?s=96&d=mm&r=g","height":96,"width":96}},"publisher":{"@type":"Organization","name":"protonix.sk","logo":{"@type":"ImageObject","@id":"\/logo.png","url":"\/logo.png","width":600,"height":60}},"image":{"@type":"ImageObject","@id":"https:\/\/www.protonix.sk\/wp-content\/uploads\/img_a283896_w2005_t1514030532.png","url":"https:\/\/www.protonix.sk\/wp-content\/uploads\/img_a283896_w2005_t1514030532.png","height":0,"width":0},"url":"https:\/\/www.protonix.sk\/vyssie-priplatky-za-pracu-v-noci-vo-sviatok-a-cez-vikend\/","about":["Financie"],"wordCount":405,"articleBody":"Ve\u013emi aktu\u00e1lna a\u00a0popul\u00e1rna je t\u00e1to t\u00e9ma medzi Slov\u00e1kmi. Hlasuje sa o\u00a0nej v\u00a0parlamente a\u00a0v\u00a0r\u00e1di\u00e1ch \u010dasto po\u010du\u0165 diskusie na t\u00fato t\u00e9mu. Slov\u00e1ci ju nevedia ovplyvni\u0165, m\u00f4\u017eu len d\u00fafa\u0165, \u017ee to bude tak ako by si \u017eelali oni. Preto\u017ee referendum sa kona\u0165 na t\u00fato t\u00e9mu pravdepodobne nebude.\t\u0160t\u00e1tny rozpo\u010detSlovensk\u00e1 republika chce do roku 2020 vyrovna\u0165 svoje v\u00fddavky s\u00a0pr\u00edjmami. Tak aby sa nevytv\u00e1ral deficit \u0161t\u00e1tneho rozpo\u010dtu. Je to pod\u013ea nej re\u00e1lne a\u00a0dr\u017e\u00ed sa toho, \u017ee to dosiahne. Toto opatrenie patr\u00ed do soci\u00e1lneho bal\u00ed\u010dka Slovenskej republiky, ale sleduje sa za n\u00edm aj zv\u00fd\u0161enie pr\u00edjmu \u0161t\u00e1tneho rozpo\u010dtu. Preto\u017ee t\u00fdm, \u017ee zamestnanci bud\u00fa viac zar\u00e1ba\u0165 za pr\u00e1cu vo sviatok, v\u00a0noci alebo cez v\u00edkend sa zv\u00fd\u0161i ich pr\u00edjem. Ten pr\u00edjem sa mus\u00ed zdani\u0165 a\u00a0ke\u010f\u017ee bude vy\u0161\u0161\u00ed, vy\u0161\u0161ie bud\u00fa aj dane. Vy\u0161\u0161ie dane sa odved\u00fa do \u0161t\u00e1tneho rozpo\u010dtu a\u00a0t\u00fdm p\u00e1dom sa zv\u00fd\u0161i jeho pr\u00edjem.\tAk\u00fd je z\u00e1mer?Pod\u013ea m\u00f4jho skromn\u00e9ho n\u00e1zoru je toto jedin\u00fd d\u00f4vod, pre\u010do pri\u0161li traja poslanci s\u00a0t\u00fdmto n\u00e1vrhom. A\u00a0nie ten n\u00e1zor, ktor\u00fdm sa oh\u00e1\u0148aj\u00fa, \u017ee chc\u00fa da\u0165 viac pe\u0148az\u00ed zamestnancom, ktor\u00ed si to zasl\u00fa\u017eia. To je pod\u013ea m\u0148a len tak\u00fd kryc\u00ed man\u00e9ver toho v\u0161etk\u00e9ho \u010do chc\u00fa dosiahnu\u0165.V\u0161etky tieto financie p\u00f4jdu z\u00a0vreciek zamestn\u00e1vate\u013eov, tak\u017ee vl\u00e1da na to neminie ani cent. Keby chcela naozaj pom\u00f4c\u0165 zamestnancom, aby viac zar\u00e1bali, dali sa prija\u0165 in\u00e9 opatrenia, ktor\u00e9 by im zabezpe\u010dili lep\u0161ie zv\u00fd\u0161enie platu, ale by boli financovan\u00e9 Slovenskou republikou. Len\u017ee to nie je v\u00a0jej z\u00e1ujmoch predsa.\tAko to dopadne?Ot\u00e1zkou st\u00e1le zost\u00e1va, \u010do na to povedia zamestn\u00e1vatelia a\u00a0\u010di bud\u00fa chcie\u0165 zamestnancom zaplati\u0165 tie pr\u00edplatky, ktor\u00e9 im bud\u00fa s\u013e\u00faben\u00e9. Na to v\u0161ak teraz neodpovieme, preto\u017ee opatrenie nie je e\u0161te schv\u00e1len\u00e9, tak\u017ee st\u00e1le ost\u00e1va vo hviezdach ako to vlastne dopadne a\u00a0\u010di sa zamestnanci do\u010dkaj\u00fa vy\u0161\u0161\u00edch platov a\u00a0poslanci vy\u0161\u0161\u00edch pr\u00edjmov do \u0161t\u00e1tneho rozpo\u010dtu v\u00a0podobe dan\u00ed.\u00a0                                                                                                                                                                                                                                                                                                                                                                                        4\/5 - (4 votes)        "},{"@context":"https:\/\/schema.org\/","@type":"BreadcrumbList","itemListElement":[{"@type":"ListItem","position":1,"name":"Vy\u0161\u0161ie pr\u00edplatky za pr\u00e1cu v noci, vo sviatok a cez v\u00edkend","item":"https:\/\/www.protonix.sk\/vyssie-priplatky-za-pracu-v-noci-vo-sviatok-a-cez-vikend\/#breadcrumbitem"}]}]